{"id":1160,"date":"2022-05-06T10:20:33","date_gmt":"2022-05-06T10:20:33","guid":{"rendered":"https:\/\/vsneustift.at\/?p=1160"},"modified":"2022-05-08T12:55:39","modified_gmt":"2022-05-08T12:55:39","slug":"lesebuddys-lesfreunde","status":"publish","type":"post","link":"https:\/\/vsneustift.at\/?p=1160","title":{"rendered":"Lesebuddys &#8211; Lesefreunde"},"content":{"rendered":"\n<p>Die KIGA-Schulanf\u00e4nger kommen zum Buchlesen zu den Vierklasslern. Endlich k\u00f6nnen wir uns mit unseren Lesepartnern, den Schulanf\u00e4ngern vom Kindergarten, wieder treffen. Die Kinder aus der 4. Klasse haben daf\u00fcr interessante B\u00fccher ausgesucht.<\/p>\n\n\n\n<figure class=\"wp-block-image size-large\"><img loading=\"lazy\" decoding=\"async\" width=\"1024\" height=\"683\" src=\"https:\/\/vsneustift.at\/wp-content\/uploads\/2022\/05\/IMG_9133-1-1024x683.jpg\" alt=\"\" class=\"wp-image-1221\" srcset=\"https:\/\/vsneustift.at\/wp-content\/uploads\/2022\/05\/IMG_9133-1-1024x683.jpg 1024w, https:\/\/vsneustift.at\/wp-content\/uploads\/2022\/05\/IMG_9133-1-300x200.jpg 300w, https:\/\/vsneustift.at\/wp-content\/uploads\/2022\/05\/IMG_9133-1-768x512.jpg 768w, https:\/\/vsneustift.at\/wp-content\/uploads\/2022\/05\/IMG_9133-1-1536x1024.jpg 1536w, https:\/\/vsneustift.at\/wp-content\/uploads\/2022\/05\/IMG_9133-1-2048x1365.jpg 2048w\" sizes=\"auto, (max-width: 1024px) 100vw, 1024px\" \/><\/figure>\n\n\n\n<figure class=\"wp-block-image size-large\"><img loading=\"lazy\" decoding=\"async\" width=\"683\" height=\"1024\" src=\"https:\/\/vsneustift.at\/wp-content\/uploads\/2022\/05\/IMG_9127-1-683x1024.jpg\" alt=\"\" class=\"wp-image-1220\" srcset=\"https:\/\/vsneustift.at\/wp-content\/uploads\/2022\/05\/IMG_9127-1-683x1024.jpg 683w, https:\/\/vsneustift.at\/wp-content\/uploads\/2022\/05\/IMG_9127-1-200x300.jpg 200w, https:\/\/vsneustift.at\/wp-content\/uploads\/2022\/05\/IMG_9127-1-768x1152.jpg 768w, https:\/\/vsneustift.at\/wp-content\/uploads\/2022\/05\/IMG_9127-1-1024x1536.jpg 1024w, https:\/\/vsneustift.at\/wp-content\/uploads\/2022\/05\/IMG_9127-1-1365x2048.jpg 1365w, https:\/\/vsneustift.at\/wp-content\/uploads\/2022\/05\/IMG_9127-1-scaled.jpg 1707w\" sizes=\"auto, (max-width: 683px) 100vw, 683px\" \/><\/figure>\n\n\n\n<figure class=\"wp-block-image size-large\"><img loading=\"lazy\" decoding=\"async\" width=\"683\" height=\"1024\" src=\"https:\/\/vsneustift.at\/wp-content\/uploads\/2022\/05\/IMG_9125-1-683x1024.jpg\" alt=\"\" class=\"wp-image-1219\" srcset=\"https:\/\/vsneustift.at\/wp-content\/uploads\/2022\/05\/IMG_9125-1-683x1024.jpg 683w, https:\/\/vsneustift.at\/wp-content\/uploads\/2022\/05\/IMG_9125-1-200x300.jpg 200w, https:\/\/vsneustift.at\/wp-content\/uploads\/2022\/05\/IMG_9125-1-768x1152.jpg 768w, https:\/\/vsneustift.at\/wp-content\/uploads\/2022\/05\/IMG_9125-1-1024x1536.jpg 1024w, https:\/\/vsneustift.at\/wp-content\/uploads\/2022\/05\/IMG_9125-1-1365x2048.jpg 1365w, https:\/\/vsneustift.at\/wp-content\/uploads\/2022\/05\/IMG_9125-1-scaled.jpg 1707w\" sizes=\"auto, (max-width: 683px) 100vw, 683px\" \/><\/figure>\n\n\n\n<figure class=\"wp-block-image size-large\"><img loading=\"lazy\" decoding=\"async\" width=\"683\" height=\"1024\" src=\"https:\/\/vsneustift.at\/wp-content\/uploads\/2022\/05\/IMG_9115-1-683x1024.jpg\" alt=\"\" class=\"wp-image-1218\" srcset=\"https:\/\/vsneustift.at\/wp-content\/uploads\/2022\/05\/IMG_9115-1-683x1024.jpg 683w, https:\/\/vsneustift.at\/wp-content\/uploads\/2022\/05\/IMG_9115-1-200x300.jpg 200w, https:\/\/vsneustift.at\/wp-content\/uploads\/2022\/05\/IMG_9115-1-768x1152.jpg 768w, https:\/\/vsneustift.at\/wp-content\/uploads\/2022\/05\/IMG_9115-1-1024x1536.jpg 1024w, https:\/\/vsneustift.at\/wp-content\/uploads\/2022\/05\/IMG_9115-1-1365x2048.jpg 1365w, https:\/\/vsneustift.at\/wp-content\/uploads\/2022\/05\/IMG_9115-1-scaled.jpg 1707w\" sizes=\"auto, (max-width: 683px) 100vw, 683px\" \/><\/figure>\n","protected":false},"excerpt":{"rendered":"<p>Die KIGA-Schulanf\u00e4nger kommen zum Buchlesen zu den Vierklasslern. Endlich k\u00f6nnen wir uns mit unseren Lesepartnern, den Schulanf\u00e4ngern vom Kindergarten, wieder treffen. Die Kinder aus der 4. Klasse haben daf\u00fcr interessante B\u00fccher ausgesucht.<\/p>\n","protected":false},"author":1,"featured_media":1218,"comment_status":"open","ping_status":"open","sticky":false,"template":"","format":"standard","meta":{"footnotes":""},"categories":[7,5],"tags":[],"class_list":["post-1160","post","type-post","status-publish","format-standard","has-post-thumbnail","hentry","category-schuljahr-2021-2022","category-schulleben"],"yoast_head":"<!-- This site is optimized with the Yoast SEO plugin v21.7 - https:\/\/yoast.com\/wordpress\/plugins\/seo\/ -->\n<title>Lesebuddys - Lesefreunde - Volksschule Neustift im M\u00fchlkreis<\/title>\n<meta name=\"description\" content=\"Volksschule Neustift im M\u00fchlkreis.\" \/>\n<meta name=\"robots\" content=\"index, follow, max-snippet:-1, max-image-preview:large, max-video-preview:-1\" \/>\n<link rel=\"canonical\" href=\"https:\/\/vsneustift.at\/?p=1160\" \/>\n<meta property=\"og:locale\" content=\"de_DE\" \/>\n<meta property=\"og:type\" content=\"article\" \/>\n<meta property=\"og:title\" content=\"Lesebuddys - Lesefreunde - Volksschule Neustift im M\u00fchlkreis\" \/>\n<meta property=\"og:description\" content=\"Volksschule Neustift im M\u00fchlkreis.\" \/>\n<meta property=\"og:url\" content=\"https:\/\/vsneustift.at\/?p=1160\" \/>\n<meta property=\"og:site_name\" content=\"Volksschule Neustift im M\u00fchlkreis\" \/>\n<meta property=\"article:published_time\" content=\"2022-05-06T10:20:33+00:00\" \/>\n<meta property=\"article:modified_time\" content=\"2022-05-08T12:55:39+00:00\" \/>\n<meta property=\"og:image\" content=\"https:\/\/vsneustift.at\/wp-content\/uploads\/2022\/05\/IMG_9115-1-scaled.jpg\" \/>\n\t<meta property=\"og:image:width\" content=\"1707\" \/>\n\t<meta property=\"og:image:height\" content=\"2560\" \/>\n\t<meta property=\"og:image:type\" content=\"image\/jpeg\" \/>\n<meta name=\"author\" content=\"admin\" \/>\n<meta name=\"twitter:card\" content=\"summary_large_image\" \/>\n<meta name=\"twitter:label1\" content=\"Verfasst von\" \/>\n\t<meta name=\"twitter:data1\" content=\"admin\" \/>\n\t<meta name=\"twitter:label2\" content=\"Gesch\u00e4tzte Lesezeit\" \/>\n\t<meta name=\"twitter:data2\" content=\"1\u00a0Minute\" \/>\n<script type=\"application\/ld+json\" class=\"yoast-schema-graph\">{\"@context\":\"https:\/\/schema.org\",\"@graph\":[{\"@type\":\"Article\",\"@id\":\"https:\/\/vsneustift.at\/?p=1160#article\",\"isPartOf\":{\"@id\":\"https:\/\/vsneustift.at\/?p=1160\"},\"author\":{\"name\":\"admin\",\"@id\":\"https:\/\/vsneustift.at\/#\/schema\/person\/ff2e613aad5cd51b636ed7001440f4c0\"},\"headline\":\"Lesebuddys &#8211; Lesefreunde\",\"datePublished\":\"2022-05-06T10:20:33+00:00\",\"dateModified\":\"2022-05-08T12:55:39+00:00\",\"mainEntityOfPage\":{\"@id\":\"https:\/\/vsneustift.at\/?p=1160\"},\"wordCount\":39,\"commentCount\":0,\"publisher\":{\"@id\":\"https:\/\/vsneustift.at\/#organization\"},\"articleSection\":[\"Schuljahr 2021\/2022\",\"Schulleben\"],\"inLanguage\":\"de\",\"potentialAction\":[{\"@type\":\"CommentAction\",\"name\":\"Comment\",\"target\":[\"https:\/\/vsneustift.at\/?p=1160#respond\"]}]},{\"@type\":\"WebPage\",\"@id\":\"https:\/\/vsneustift.at\/?p=1160\",\"url\":\"https:\/\/vsneustift.at\/?p=1160\",\"name\":\"Lesebuddys - Lesefreunde - Volksschule Neustift im M\u00fchlkreis\",\"isPartOf\":{\"@id\":\"https:\/\/vsneustift.at\/#website\"},\"datePublished\":\"2022-05-06T10:20:33+00:00\",\"dateModified\":\"2022-05-08T12:55:39+00:00\",\"description\":\"Volksschule Neustift im M\u00fchlkreis.\",\"breadcrumb\":{\"@id\":\"https:\/\/vsneustift.at\/?p=1160#breadcrumb\"},\"inLanguage\":\"de\",\"potentialAction\":[{\"@type\":\"ReadAction\",\"target\":[\"https:\/\/vsneustift.at\/?p=1160\"]}]},{\"@type\":\"BreadcrumbList\",\"@id\":\"https:\/\/vsneustift.at\/?p=1160#breadcrumb\",\"itemListElement\":[{\"@type\":\"ListItem\",\"position\":1,\"name\":\"Startseite\",\"item\":\"https:\/\/vsneustift.at\/\"},{\"@type\":\"ListItem\",\"position\":2,\"name\":\"Lesebuddys &#8211; Lesefreunde\"}]},{\"@type\":\"WebSite\",\"@id\":\"https:\/\/vsneustift.at\/#website\",\"url\":\"https:\/\/vsneustift.at\/\",\"name\":\"Volksschule Neustift im M\u00fchlkreis\",\"description\":\"Schulstra\u00dfe 2, 4143 Neustift im M\u00fchlkreis. Eine aktive Schule mit musikalischen, kreativen und sportlichen Schwerpunkten sowie christlichen Werten und gelebter Schulpartnerschaft!\",\"publisher\":{\"@id\":\"https:\/\/vsneustift.at\/#organization\"},\"potentialAction\":[{\"@type\":\"SearchAction\",\"target\":{\"@type\":\"EntryPoint\",\"urlTemplate\":\"https:\/\/vsneustift.at\/?s={search_term_string}\"},\"query-input\":\"required name=search_term_string\"}],\"inLanguage\":\"de\"},{\"@type\":\"Organization\",\"@id\":\"https:\/\/vsneustift.at\/#organization\",\"name\":\"Volksschule Neustift i. M.\",\"url\":\"https:\/\/vsneustift.at\/\",\"logo\":{\"@type\":\"ImageObject\",\"inLanguage\":\"de\",\"@id\":\"https:\/\/vsneustift.at\/#\/schema\/logo\/image\/\",\"url\":\"https:\/\/vsneustift.at\/wp-content\/uploads\/2020\/10\/vs-logo-gut.jpg\",\"contentUrl\":\"https:\/\/vsneustift.at\/wp-content\/uploads\/2020\/10\/vs-logo-gut.jpg\",\"width\":861,\"height\":331,\"caption\":\"Volksschule Neustift i. M.\"},\"image\":{\"@id\":\"https:\/\/vsneustift.at\/#\/schema\/logo\/image\/\"}},{\"@type\":\"Person\",\"@id\":\"https:\/\/vsneustift.at\/#\/schema\/person\/ff2e613aad5cd51b636ed7001440f4c0\",\"name\":\"admin\",\"image\":{\"@type\":\"ImageObject\",\"inLanguage\":\"de\",\"@id\":\"https:\/\/vsneustift.at\/#\/schema\/person\/image\/\",\"url\":\"https:\/\/secure.gravatar.com\/avatar\/59d8af72afe6c97c6e2acfe9ffef6b89fc5fec6a420627f965f0eff41a78333b?s=96&d=mm&r=g\",\"contentUrl\":\"https:\/\/secure.gravatar.com\/avatar\/59d8af72afe6c97c6e2acfe9ffef6b89fc5fec6a420627f965f0eff41a78333b?s=96&d=mm&r=g\",\"caption\":\"admin\"},\"sameAs\":[\"https:\/\/vsneustift.at\"]}]}<\/script>\n<!-- \/ Yoast SEO plugin. -->","yoast_head_json":{"title":"Lesebuddys - Lesefreunde - Volksschule Neustift im M\u00fchlkreis","description":"Volksschule Neustift im M\u00fchlkreis.","robots":{"index":"index","follow":"follow","max-snippet":"max-snippet:-1","max-image-preview":"max-image-preview:large","max-video-preview":"max-video-preview:-1"},"canonical":"https:\/\/vsneustift.at\/?p=1160","og_locale":"de_DE","og_type":"article","og_title":"Lesebuddys - Lesefreunde - Volksschule Neustift im M\u00fchlkreis","og_description":"Volksschule Neustift im M\u00fchlkreis.","og_url":"https:\/\/vsneustift.at\/?p=1160","og_site_name":"Volksschule Neustift im M\u00fchlkreis","article_published_time":"2022-05-06T10:20:33+00:00","article_modified_time":"2022-05-08T12:55:39+00:00","og_image":[{"width":1707,"height":2560,"url":"https:\/\/vsneustift.at\/wp-content\/uploads\/2022\/05\/IMG_9115-1-scaled.jpg","type":"image\/jpeg"}],"author":"admin","twitter_card":"summary_large_image","twitter_misc":{"Verfasst von":"admin","Gesch\u00e4tzte Lesezeit":"1\u00a0Minute"},"schema":{"@context":"https:\/\/schema.org","@graph":[{"@type":"Article","@id":"https:\/\/vsneustift.at\/?p=1160#article","isPartOf":{"@id":"https:\/\/vsneustift.at\/?p=1160"},"author":{"name":"admin","@id":"https:\/\/vsneustift.at\/#\/schema\/person\/ff2e613aad5cd51b636ed7001440f4c0"},"headline":"Lesebuddys &#8211; Lesefreunde","datePublished":"2022-05-06T10:20:33+00:00","dateModified":"2022-05-08T12:55:39+00:00","mainEntityOfPage":{"@id":"https:\/\/vsneustift.at\/?p=1160"},"wordCount":39,"commentCount":0,"publisher":{"@id":"https:\/\/vsneustift.at\/#organization"},"articleSection":["Schuljahr 2021\/2022","Schulleben"],"inLanguage":"de","potentialAction":[{"@type":"CommentAction","name":"Comment","target":["https:\/\/vsneustift.at\/?p=1160#respond"]}]},{"@type":"WebPage","@id":"https:\/\/vsneustift.at\/?p=1160","url":"https:\/\/vsneustift.at\/?p=1160","name":"Lesebuddys - Lesefreunde - Volksschule Neustift im M\u00fchlkreis","isPartOf":{"@id":"https:\/\/vsneustift.at\/#website"},"datePublished":"2022-05-06T10:20:33+00:00","dateModified":"2022-05-08T12:55:39+00:00","description":"Volksschule Neustift im M\u00fchlkreis.","breadcrumb":{"@id":"https:\/\/vsneustift.at\/?p=1160#breadcrumb"},"inLanguage":"de","potentialAction":[{"@type":"ReadAction","target":["https:\/\/vsneustift.at\/?p=1160"]}]},{"@type":"BreadcrumbList","@id":"https:\/\/vsneustift.at\/?p=1160#breadcrumb","itemListElement":[{"@type":"ListItem","position":1,"name":"Startseite","item":"https:\/\/vsneustift.at\/"},{"@type":"ListItem","position":2,"name":"Lesebuddys &#8211; Lesefreunde"}]},{"@type":"WebSite","@id":"https:\/\/vsneustift.at\/#website","url":"https:\/\/vsneustift.at\/","name":"Volksschule Neustift im M\u00fchlkreis","description":"Schulstra\u00dfe 2, 4143 Neustift im M\u00fchlkreis. Eine aktive Schule mit musikalischen, kreativen und sportlichen Schwerpunkten sowie christlichen Werten und gelebter Schulpartnerschaft!","publisher":{"@id":"https:\/\/vsneustift.at\/#organization"},"potentialAction":[{"@type":"SearchAction","target":{"@type":"EntryPoint","urlTemplate":"https:\/\/vsneustift.at\/?s={search_term_string}"},"query-input":"required name=search_term_string"}],"inLanguage":"de"},{"@type":"Organization","@id":"https:\/\/vsneustift.at\/#organization","name":"Volksschule Neustift i. M.","url":"https:\/\/vsneustift.at\/","logo":{"@type":"ImageObject","inLanguage":"de","@id":"https:\/\/vsneustift.at\/#\/schema\/logo\/image\/","url":"https:\/\/vsneustift.at\/wp-content\/uploads\/2020\/10\/vs-logo-gut.jpg","contentUrl":"https:\/\/vsneustift.at\/wp-content\/uploads\/2020\/10\/vs-logo-gut.jpg","width":861,"height":331,"caption":"Volksschule Neustift i. M."},"image":{"@id":"https:\/\/vsneustift.at\/#\/schema\/logo\/image\/"}},{"@type":"Person","@id":"https:\/\/vsneustift.at\/#\/schema\/person\/ff2e613aad5cd51b636ed7001440f4c0","name":"admin","image":{"@type":"ImageObject","inLanguage":"de","@id":"https:\/\/vsneustift.at\/#\/schema\/person\/image\/","url":"https:\/\/secure.gravatar.com\/avatar\/59d8af72afe6c97c6e2acfe9ffef6b89fc5fec6a420627f965f0eff41a78333b?s=96&d=mm&r=g","contentUrl":"https:\/\/secure.gravatar.com\/avatar\/59d8af72afe6c97c6e2acfe9ffef6b89fc5fec6a420627f965f0eff41a78333b?s=96&d=mm&r=g","caption":"admin"},"sameAs":["https:\/\/vsneustift.at"]}]}},"_links":{"self":[{"href":"https:\/\/vsneustift.at\/index.php?rest_route=\/wp\/v2\/posts\/1160","targetHints":{"allow":["GET"]}}],"collection":[{"href":"https:\/\/vsneustift.at\/index.php?rest_route=\/wp\/v2\/posts"}],"about":[{"href":"https:\/\/vsneustift.at\/index.php?rest_route=\/wp\/v2\/types\/post"}],"author":[{"embeddable":true,"href":"https:\/\/vsneustift.at\/index.php?rest_route=\/wp\/v2\/users\/1"}],"replies":[{"embeddable":true,"href":"https:\/\/vsneustift.at\/index.php?rest_route=%2Fwp%2Fv2%2Fcomments&post=1160"}],"version-history":[{"count":4,"href":"https:\/\/vsneustift.at\/index.php?rest_route=\/wp\/v2\/posts\/1160\/revisions"}],"predecessor-version":[{"id":1266,"href":"https:\/\/vsneustift.at\/index.php?rest_route=\/wp\/v2\/posts\/1160\/revisions\/1266"}],"wp:featuredmedia":[{"embeddable":true,"href":"https:\/\/vsneustift.at\/index.php?rest_route=\/wp\/v2\/media\/1218"}],"wp:attachment":[{"href":"https:\/\/vsneustift.at\/index.php?rest_route=%2Fwp%2Fv2%2Fmedia&parent=1160"}],"wp:term":[{"taxonomy":"category","embeddable":true,"href":"https:\/\/vsneustift.at\/index.php?rest_route=%2Fwp%2Fv2%2Fcategories&post=1160"},{"taxonomy":"post_tag","embeddable":true,"href":"https:\/\/vsneustift.at\/index.php?rest_route=%2Fwp%2Fv2%2Ftags&post=1160"}],"curies":[{"name":"wp","href":"https:\/\/api.w.org\/{rel}","templated":true}]}}