{"id":1152,"date":"2022-05-06T10:18:22","date_gmt":"2022-05-06T10:18:22","guid":{"rendered":"https:\/\/vsneustift.at\/?p=1152"},"modified":"2022-05-06T10:18:22","modified_gmt":"2022-05-06T10:18:22","slug":"safer-internet-workshop-mit-patricia-groiss-bischof","status":"publish","type":"post","link":"https:\/\/vsneustift.at\/?p=1152","title":{"rendered":"\u201eSafer Internet\u201c -Workshop mit Patricia Groi\u00df-Bischof"},"content":{"rendered":"\n<p>Patricia Groi\u00df-Bischof, Referentin der Initiative Safer Internet, sprach mit den Kindern \u00fcber Social Media, Apps, Kettenbriefe, Spiele und Downloads am Smartphone und PC.<\/p>\n\n\n\n<p>Digitale Kommunikation ist heute selbstverst\u00e4ndlich, es gibt Vorteile, aber auch Gefahren.<\/p>\n\n\n\n<figure class=\"wp-block-image size-large\"><img loading=\"lazy\" decoding=\"async\" width=\"1024\" height=\"683\" src=\"https:\/\/vsneustift.at\/wp-content\/uploads\/2022\/05\/s-internet-2-1024x683.jpg\" alt=\"\" class=\"wp-image-1200\" srcset=\"https:\/\/vsneustift.at\/wp-content\/uploads\/2022\/05\/s-internet-2-1024x683.jpg 1024w, https:\/\/vsneustift.at\/wp-content\/uploads\/2022\/05\/s-internet-2-300x200.jpg 300w, https:\/\/vsneustift.at\/wp-content\/uploads\/2022\/05\/s-internet-2-768x512.jpg 768w, https:\/\/vsneustift.at\/wp-content\/uploads\/2022\/05\/s-internet-2-1536x1024.jpg 1536w, https:\/\/vsneustift.at\/wp-content\/uploads\/2022\/05\/s-internet-2-2048x1365.jpg 2048w\" sizes=\"auto, (max-width: 1024px) 100vw, 1024px\" \/><\/figure>\n\n\n\n<figure class=\"wp-block-image size-large\"><img loading=\"lazy\" decoding=\"async\" width=\"1024\" height=\"683\" src=\"https:\/\/vsneustift.at\/wp-content\/uploads\/2022\/05\/s-internet-4-1024x683.jpg\" alt=\"\" class=\"wp-image-1201\" srcset=\"https:\/\/vsneustift.at\/wp-content\/uploads\/2022\/05\/s-internet-4-1024x683.jpg 1024w, https:\/\/vsneustift.at\/wp-content\/uploads\/2022\/05\/s-internet-4-300x200.jpg 300w, https:\/\/vsneustift.at\/wp-content\/uploads\/2022\/05\/s-internet-4-768x512.jpg 768w, https:\/\/vsneustift.at\/wp-content\/uploads\/2022\/05\/s-internet-4-1536x1024.jpg 1536w, https:\/\/vsneustift.at\/wp-content\/uploads\/2022\/05\/s-internet-4-2048x1365.jpg 2048w\" sizes=\"auto, (max-width: 1024px) 100vw, 1024px\" \/><\/figure>\n\n\n\n<figure class=\"wp-block-image size-large\"><img loading=\"lazy\" decoding=\"async\" width=\"1024\" height=\"683\" src=\"https:\/\/vsneustift.at\/wp-content\/uploads\/2022\/05\/s-internet-7-1024x683.jpg\" alt=\"\" class=\"wp-image-1202\" srcset=\"https:\/\/vsneustift.at\/wp-content\/uploads\/2022\/05\/s-internet-7-1024x683.jpg 1024w, https:\/\/vsneustift.at\/wp-content\/uploads\/2022\/05\/s-internet-7-300x200.jpg 300w, https:\/\/vsneustift.at\/wp-content\/uploads\/2022\/05\/s-internet-7-768x512.jpg 768w, https:\/\/vsneustift.at\/wp-content\/uploads\/2022\/05\/s-internet-7-1536x1024.jpg 1536w, https:\/\/vsneustift.at\/wp-content\/uploads\/2022\/05\/s-internet-7-2048x1365.jpg 2048w\" sizes=\"auto, (max-width: 1024px) 100vw, 1024px\" \/><\/figure>\n\n\n\n<p><\/p>\n","protected":false},"excerpt":{"rendered":"<p>Patricia Groi\u00df-Bischof, Referentin der Initiative Safer Internet, sprach mit den Kindern \u00fcber Social Media, Apps, Kettenbriefe, Spiele und Downloads am Smartphone und PC. Digitale Kommunikation ist heute selbstverst\u00e4ndlich, es gibt Vorteile, aber auch Gefahren.<\/p>\n","protected":false},"author":1,"featured_media":1200,"comment_status":"open","ping_status":"open","sticky":false,"template":"","format":"standard","meta":{"footnotes":""},"categories":[7,5],"tags":[],"class_list":["post-1152","post","type-post","status-publish","format-standard","has-post-thumbnail","hentry","category-schuljahr-2021-2022","category-schulleben"],"yoast_head":"<!-- This site is optimized with the Yoast SEO plugin v21.7 - https:\/\/yoast.com\/wordpress\/plugins\/seo\/ -->\n<title>\u201eSafer Internet\u201c -Workshop mit Patricia Groi\u00df-Bischof - Volksschule Neustift im M\u00fchlkreis<\/title>\n<meta name=\"description\" content=\"Volksschule Neustift im M\u00fchlkreis.\" \/>\n<meta name=\"robots\" content=\"index, follow, max-snippet:-1, max-image-preview:large, max-video-preview:-1\" \/>\n<link rel=\"canonical\" href=\"https:\/\/vsneustift.at\/?p=1152\" \/>\n<meta property=\"og:locale\" content=\"de_DE\" \/>\n<meta property=\"og:type\" content=\"article\" \/>\n<meta property=\"og:title\" content=\"\u201eSafer Internet\u201c -Workshop mit Patricia Groi\u00df-Bischof - Volksschule Neustift im M\u00fchlkreis\" \/>\n<meta property=\"og:description\" content=\"Volksschule Neustift im M\u00fchlkreis.\" \/>\n<meta property=\"og:url\" content=\"https:\/\/vsneustift.at\/?p=1152\" \/>\n<meta property=\"og:site_name\" content=\"Volksschule Neustift im M\u00fchlkreis\" \/>\n<meta property=\"article:published_time\" content=\"2022-05-06T10:18:22+00:00\" \/>\n<meta property=\"og:image\" content=\"https:\/\/vsneustift.at\/wp-content\/uploads\/2022\/05\/s-internet-2-scaled.jpg\" \/>\n\t<meta property=\"og:image:width\" content=\"2560\" \/>\n\t<meta property=\"og:image:height\" content=\"1707\" \/>\n\t<meta property=\"og:image:type\" content=\"image\/jpeg\" \/>\n<meta name=\"author\" content=\"admin\" \/>\n<meta name=\"twitter:card\" content=\"summary_large_image\" \/>\n<meta name=\"twitter:label1\" content=\"Verfasst von\" \/>\n\t<meta name=\"twitter:data1\" content=\"admin\" \/>\n\t<meta name=\"twitter:label2\" content=\"Gesch\u00e4tzte Lesezeit\" \/>\n\t<meta name=\"twitter:data2\" content=\"1\u00a0Minute\" \/>\n<script type=\"application\/ld+json\" class=\"yoast-schema-graph\">{\"@context\":\"https:\/\/schema.org\",\"@graph\":[{\"@type\":\"Article\",\"@id\":\"https:\/\/vsneustift.at\/?p=1152#article\",\"isPartOf\":{\"@id\":\"https:\/\/vsneustift.at\/?p=1152\"},\"author\":{\"name\":\"admin\",\"@id\":\"https:\/\/vsneustift.at\/#\/schema\/person\/ff2e613aad5cd51b636ed7001440f4c0\"},\"headline\":\"\u201eSafer Internet\u201c -Workshop mit Patricia Groi\u00df-Bischof\",\"datePublished\":\"2022-05-06T10:18:22+00:00\",\"dateModified\":\"2022-05-06T10:18:22+00:00\",\"mainEntityOfPage\":{\"@id\":\"https:\/\/vsneustift.at\/?p=1152\"},\"wordCount\":43,\"commentCount\":0,\"publisher\":{\"@id\":\"https:\/\/vsneustift.at\/#organization\"},\"articleSection\":[\"Schuljahr 2021\/2022\",\"Schulleben\"],\"inLanguage\":\"de\",\"potentialAction\":[{\"@type\":\"CommentAction\",\"name\":\"Comment\",\"target\":[\"https:\/\/vsneustift.at\/?p=1152#respond\"]}]},{\"@type\":\"WebPage\",\"@id\":\"https:\/\/vsneustift.at\/?p=1152\",\"url\":\"https:\/\/vsneustift.at\/?p=1152\",\"name\":\"\u201eSafer Internet\u201c -Workshop mit Patricia Groi\u00df-Bischof - Volksschule Neustift im M\u00fchlkreis\",\"isPartOf\":{\"@id\":\"https:\/\/vsneustift.at\/#website\"},\"datePublished\":\"2022-05-06T10:18:22+00:00\",\"dateModified\":\"2022-05-06T10:18:22+00:00\",\"description\":\"Volksschule Neustift im M\u00fchlkreis.\",\"breadcrumb\":{\"@id\":\"https:\/\/vsneustift.at\/?p=1152#breadcrumb\"},\"inLanguage\":\"de\",\"potentialAction\":[{\"@type\":\"ReadAction\",\"target\":[\"https:\/\/vsneustift.at\/?p=1152\"]}]},{\"@type\":\"BreadcrumbList\",\"@id\":\"https:\/\/vsneustift.at\/?p=1152#breadcrumb\",\"itemListElement\":[{\"@type\":\"ListItem\",\"position\":1,\"name\":\"Startseite\",\"item\":\"https:\/\/vsneustift.at\/\"},{\"@type\":\"ListItem\",\"position\":2,\"name\":\"\u201eSafer Internet\u201c -Workshop mit Patricia Groi\u00df-Bischof\"}]},{\"@type\":\"WebSite\",\"@id\":\"https:\/\/vsneustift.at\/#website\",\"url\":\"https:\/\/vsneustift.at\/\",\"name\":\"Volksschule Neustift im M\u00fchlkreis\",\"description\":\"Schulstra\u00dfe 2, 4143 Neustift im M\u00fchlkreis. Eine aktive Schule mit musikalischen, kreativen und sportlichen Schwerpunkten sowie christlichen Werten und gelebter Schulpartnerschaft!\",\"publisher\":{\"@id\":\"https:\/\/vsneustift.at\/#organization\"},\"potentialAction\":[{\"@type\":\"SearchAction\",\"target\":{\"@type\":\"EntryPoint\",\"urlTemplate\":\"https:\/\/vsneustift.at\/?s={search_term_string}\"},\"query-input\":\"required name=search_term_string\"}],\"inLanguage\":\"de\"},{\"@type\":\"Organization\",\"@id\":\"https:\/\/vsneustift.at\/#organization\",\"name\":\"Volksschule Neustift i. M.\",\"url\":\"https:\/\/vsneustift.at\/\",\"logo\":{\"@type\":\"ImageObject\",\"inLanguage\":\"de\",\"@id\":\"https:\/\/vsneustift.at\/#\/schema\/logo\/image\/\",\"url\":\"https:\/\/vsneustift.at\/wp-content\/uploads\/2020\/10\/vs-logo-gut.jpg\",\"contentUrl\":\"https:\/\/vsneustift.at\/wp-content\/uploads\/2020\/10\/vs-logo-gut.jpg\",\"width\":861,\"height\":331,\"caption\":\"Volksschule Neustift i. M.\"},\"image\":{\"@id\":\"https:\/\/vsneustift.at\/#\/schema\/logo\/image\/\"}},{\"@type\":\"Person\",\"@id\":\"https:\/\/vsneustift.at\/#\/schema\/person\/ff2e613aad5cd51b636ed7001440f4c0\",\"name\":\"admin\",\"image\":{\"@type\":\"ImageObject\",\"inLanguage\":\"de\",\"@id\":\"https:\/\/vsneustift.at\/#\/schema\/person\/image\/\",\"url\":\"https:\/\/secure.gravatar.com\/avatar\/59d8af72afe6c97c6e2acfe9ffef6b89fc5fec6a420627f965f0eff41a78333b?s=96&d=mm&r=g\",\"contentUrl\":\"https:\/\/secure.gravatar.com\/avatar\/59d8af72afe6c97c6e2acfe9ffef6b89fc5fec6a420627f965f0eff41a78333b?s=96&d=mm&r=g\",\"caption\":\"admin\"},\"sameAs\":[\"https:\/\/vsneustift.at\"]}]}<\/script>\n<!-- \/ Yoast SEO plugin. -->","yoast_head_json":{"title":"\u201eSafer Internet\u201c -Workshop mit Patricia Groi\u00df-Bischof - Volksschule Neustift im M\u00fchlkreis","description":"Volksschule Neustift im M\u00fchlkreis.","robots":{"index":"index","follow":"follow","max-snippet":"max-snippet:-1","max-image-preview":"max-image-preview:large","max-video-preview":"max-video-preview:-1"},"canonical":"https:\/\/vsneustift.at\/?p=1152","og_locale":"de_DE","og_type":"article","og_title":"\u201eSafer Internet\u201c -Workshop mit Patricia Groi\u00df-Bischof - Volksschule Neustift im M\u00fchlkreis","og_description":"Volksschule Neustift im M\u00fchlkreis.","og_url":"https:\/\/vsneustift.at\/?p=1152","og_site_name":"Volksschule Neustift im M\u00fchlkreis","article_published_time":"2022-05-06T10:18:22+00:00","og_image":[{"width":2560,"height":1707,"url":"https:\/\/vsneustift.at\/wp-content\/uploads\/2022\/05\/s-internet-2-scaled.jpg","type":"image\/jpeg"}],"author":"admin","twitter_card":"summary_large_image","twitter_misc":{"Verfasst von":"admin","Gesch\u00e4tzte Lesezeit":"1\u00a0Minute"},"schema":{"@context":"https:\/\/schema.org","@graph":[{"@type":"Article","@id":"https:\/\/vsneustift.at\/?p=1152#article","isPartOf":{"@id":"https:\/\/vsneustift.at\/?p=1152"},"author":{"name":"admin","@id":"https:\/\/vsneustift.at\/#\/schema\/person\/ff2e613aad5cd51b636ed7001440f4c0"},"headline":"\u201eSafer Internet\u201c -Workshop mit Patricia Groi\u00df-Bischof","datePublished":"2022-05-06T10:18:22+00:00","dateModified":"2022-05-06T10:18:22+00:00","mainEntityOfPage":{"@id":"https:\/\/vsneustift.at\/?p=1152"},"wordCount":43,"commentCount":0,"publisher":{"@id":"https:\/\/vsneustift.at\/#organization"},"articleSection":["Schuljahr 2021\/2022","Schulleben"],"inLanguage":"de","potentialAction":[{"@type":"CommentAction","name":"Comment","target":["https:\/\/vsneustift.at\/?p=1152#respond"]}]},{"@type":"WebPage","@id":"https:\/\/vsneustift.at\/?p=1152","url":"https:\/\/vsneustift.at\/?p=1152","name":"\u201eSafer Internet\u201c -Workshop mit Patricia Groi\u00df-Bischof - Volksschule Neustift im M\u00fchlkreis","isPartOf":{"@id":"https:\/\/vsneustift.at\/#website"},"datePublished":"2022-05-06T10:18:22+00:00","dateModified":"2022-05-06T10:18:22+00:00","description":"Volksschule Neustift im M\u00fchlkreis.","breadcrumb":{"@id":"https:\/\/vsneustift.at\/?p=1152#breadcrumb"},"inLanguage":"de","potentialAction":[{"@type":"ReadAction","target":["https:\/\/vsneustift.at\/?p=1152"]}]},{"@type":"BreadcrumbList","@id":"https:\/\/vsneustift.at\/?p=1152#breadcrumb","itemListElement":[{"@type":"ListItem","position":1,"name":"Startseite","item":"https:\/\/vsneustift.at\/"},{"@type":"ListItem","position":2,"name":"\u201eSafer Internet\u201c -Workshop mit Patricia Groi\u00df-Bischof"}]},{"@type":"WebSite","@id":"https:\/\/vsneustift.at\/#website","url":"https:\/\/vsneustift.at\/","name":"Volksschule Neustift im M\u00fchlkreis","description":"Schulstra\u00dfe 2, 4143 Neustift im M\u00fchlkreis. Eine aktive Schule mit musikalischen, kreativen und sportlichen Schwerpunkten sowie christlichen Werten und gelebter Schulpartnerschaft!","publisher":{"@id":"https:\/\/vsneustift.at\/#organization"},"potentialAction":[{"@type":"SearchAction","target":{"@type":"EntryPoint","urlTemplate":"https:\/\/vsneustift.at\/?s={search_term_string}"},"query-input":"required name=search_term_string"}],"inLanguage":"de"},{"@type":"Organization","@id":"https:\/\/vsneustift.at\/#organization","name":"Volksschule Neustift i. M.","url":"https:\/\/vsneustift.at\/","logo":{"@type":"ImageObject","inLanguage":"de","@id":"https:\/\/vsneustift.at\/#\/schema\/logo\/image\/","url":"https:\/\/vsneustift.at\/wp-content\/uploads\/2020\/10\/vs-logo-gut.jpg","contentUrl":"https:\/\/vsneustift.at\/wp-content\/uploads\/2020\/10\/vs-logo-gut.jpg","width":861,"height":331,"caption":"Volksschule Neustift i. M."},"image":{"@id":"https:\/\/vsneustift.at\/#\/schema\/logo\/image\/"}},{"@type":"Person","@id":"https:\/\/vsneustift.at\/#\/schema\/person\/ff2e613aad5cd51b636ed7001440f4c0","name":"admin","image":{"@type":"ImageObject","inLanguage":"de","@id":"https:\/\/vsneustift.at\/#\/schema\/person\/image\/","url":"https:\/\/secure.gravatar.com\/avatar\/59d8af72afe6c97c6e2acfe9ffef6b89fc5fec6a420627f965f0eff41a78333b?s=96&d=mm&r=g","contentUrl":"https:\/\/secure.gravatar.com\/avatar\/59d8af72afe6c97c6e2acfe9ffef6b89fc5fec6a420627f965f0eff41a78333b?s=96&d=mm&r=g","caption":"admin"},"sameAs":["https:\/\/vsneustift.at"]}]}},"_links":{"self":[{"href":"https:\/\/vsneustift.at\/index.php?rest_route=\/wp\/v2\/posts\/1152","targetHints":{"allow":["GET"]}}],"collection":[{"href":"https:\/\/vsneustift.at\/index.php?rest_route=\/wp\/v2\/posts"}],"about":[{"href":"https:\/\/vsneustift.at\/index.php?rest_route=\/wp\/v2\/types\/post"}],"author":[{"embeddable":true,"href":"https:\/\/vsneustift.at\/index.php?rest_route=\/wp\/v2\/users\/1"}],"replies":[{"embeddable":true,"href":"https:\/\/vsneustift.at\/index.php?rest_route=%2Fwp%2Fv2%2Fcomments&post=1152"}],"version-history":[{"count":3,"href":"https:\/\/vsneustift.at\/index.php?rest_route=\/wp\/v2\/posts\/1152\/revisions"}],"predecessor-version":[{"id":1232,"href":"https:\/\/vsneustift.at\/index.php?rest_route=\/wp\/v2\/posts\/1152\/revisions\/1232"}],"wp:featuredmedia":[{"embeddable":true,"href":"https:\/\/vsneustift.at\/index.php?rest_route=\/wp\/v2\/media\/1200"}],"wp:attachment":[{"href":"https:\/\/vsneustift.at\/index.php?rest_route=%2Fwp%2Fv2%2Fmedia&parent=1152"}],"wp:term":[{"taxonomy":"category","embeddable":true,"href":"https:\/\/vsneustift.at\/index.php?rest_route=%2Fwp%2Fv2%2Fcategories&post=1152"},{"taxonomy":"post_tag","embeddable":true,"href":"https:\/\/vsneustift.at\/index.php?rest_route=%2Fwp%2Fv2%2Ftags&post=1152"}],"curies":[{"name":"wp","href":"https:\/\/api.w.org\/{rel}","templated":true}]}}