{"id":1094,"date":"2022-03-10T15:53:41","date_gmt":"2022-03-10T15:53:41","guid":{"rendered":"https:\/\/vsneustift.at\/?p=1094"},"modified":"2022-03-13T17:59:48","modified_gmt":"2022-03-13T17:59:48","slug":"ein-lustiger-fasching","status":"publish","type":"post","link":"https:\/\/vsneustift.at\/?p=1094","title":{"rendered":"Hier kannst du unseren Faschingsfilm anschauen!"},"content":{"rendered":"\n<figure class=\"wp-block-video\"><video height=\"442\" style=\"aspect-ratio: 720 \/ 442;\" width=\"720\" controls src=\"https:\/\/vsneustift.at\/wp-content\/uploads\/2022\/03\/Faschingsfilm.mp4\"><\/video><\/figure>\n","protected":false},"excerpt":{"rendered":"","protected":false},"author":1,"featured_media":1080,"comment_status":"open","ping_status":"open","sticky":false,"template":"","format":"standard","meta":{"footnotes":""},"categories":[7,5],"tags":[],"class_list":["post-1094","post","type-post","status-publish","format-standard","has-post-thumbnail","hentry","category-schuljahr-2021-2022","category-schulleben"],"yoast_head":"<!-- This site is optimized with the Yoast SEO plugin v21.7 - https:\/\/yoast.com\/wordpress\/plugins\/seo\/ -->\n<title>Hier kannst du unseren Faschingsfilm anschauen! - Volksschule Neustift im M\u00fchlkreis<\/title>\n<meta name=\"description\" content=\"Volksschule Neustift im M\u00fchlkreis.\" \/>\n<meta name=\"robots\" content=\"index, follow, max-snippet:-1, max-image-preview:large, max-video-preview:-1\" \/>\n<link rel=\"canonical\" href=\"https:\/\/vsneustift.at\/?p=1094\" \/>\n<meta property=\"og:locale\" content=\"de_DE\" \/>\n<meta property=\"og:type\" content=\"article\" \/>\n<meta property=\"og:title\" content=\"Hier kannst du unseren Faschingsfilm anschauen! - Volksschule Neustift im M\u00fchlkreis\" \/>\n<meta property=\"og:description\" content=\"Volksschule Neustift im M\u00fchlkreis.\" \/>\n<meta property=\"og:url\" content=\"https:\/\/vsneustift.at\/?p=1094\" \/>\n<meta property=\"og:site_name\" content=\"Volksschule Neustift im M\u00fchlkreis\" \/>\n<meta property=\"article:published_time\" content=\"2022-03-10T15:53:41+00:00\" \/>\n<meta property=\"article:modified_time\" content=\"2022-03-13T17:59:48+00:00\" \/>\n<meta property=\"og:image\" content=\"https:\/\/vsneustift.at\/wp-content\/uploads\/2022\/03\/IMG_20220301_102656-Kopie-scaled.jpg\" \/>\n\t<meta property=\"og:image:width\" content=\"1920\" \/>\n\t<meta property=\"og:image:height\" content=\"2560\" \/>\n\t<meta property=\"og:image:type\" content=\"image\/jpeg\" \/>\n<meta name=\"author\" content=\"admin\" \/>\n<meta name=\"twitter:card\" content=\"summary_large_image\" \/>\n<meta name=\"twitter:label1\" content=\"Verfasst von\" \/>\n\t<meta name=\"twitter:data1\" content=\"admin\" \/>\n<script type=\"application\/ld+json\" class=\"yoast-schema-graph\">{\"@context\":\"https:\/\/schema.org\",\"@graph\":[{\"@type\":\"Article\",\"@id\":\"https:\/\/vsneustift.at\/?p=1094#article\",\"isPartOf\":{\"@id\":\"https:\/\/vsneustift.at\/?p=1094\"},\"author\":{\"name\":\"admin\",\"@id\":\"https:\/\/vsneustift.at\/#\/schema\/person\/ff2e613aad5cd51b636ed7001440f4c0\"},\"headline\":\"Hier kannst du unseren Faschingsfilm anschauen!\",\"datePublished\":\"2022-03-10T15:53:41+00:00\",\"dateModified\":\"2022-03-13T17:59:48+00:00\",\"mainEntityOfPage\":{\"@id\":\"https:\/\/vsneustift.at\/?p=1094\"},\"wordCount\":6,\"commentCount\":0,\"publisher\":{\"@id\":\"https:\/\/vsneustift.at\/#organization\"},\"articleSection\":[\"Schuljahr 2021\/2022\",\"Schulleben\"],\"inLanguage\":\"de\",\"potentialAction\":[{\"@type\":\"CommentAction\",\"name\":\"Comment\",\"target\":[\"https:\/\/vsneustift.at\/?p=1094#respond\"]}]},{\"@type\":\"WebPage\",\"@id\":\"https:\/\/vsneustift.at\/?p=1094\",\"url\":\"https:\/\/vsneustift.at\/?p=1094\",\"name\":\"Hier kannst du unseren Faschingsfilm anschauen! - Volksschule Neustift im M\u00fchlkreis\",\"isPartOf\":{\"@id\":\"https:\/\/vsneustift.at\/#website\"},\"datePublished\":\"2022-03-10T15:53:41+00:00\",\"dateModified\":\"2022-03-13T17:59:48+00:00\",\"description\":\"Volksschule Neustift im M\u00fchlkreis.\",\"breadcrumb\":{\"@id\":\"https:\/\/vsneustift.at\/?p=1094#breadcrumb\"},\"inLanguage\":\"de\",\"potentialAction\":[{\"@type\":\"ReadAction\",\"target\":[\"https:\/\/vsneustift.at\/?p=1094\"]}]},{\"@type\":\"BreadcrumbList\",\"@id\":\"https:\/\/vsneustift.at\/?p=1094#breadcrumb\",\"itemListElement\":[{\"@type\":\"ListItem\",\"position\":1,\"name\":\"Startseite\",\"item\":\"https:\/\/vsneustift.at\/\"},{\"@type\":\"ListItem\",\"position\":2,\"name\":\"Hier kannst du unseren Faschingsfilm anschauen!\"}]},{\"@type\":\"WebSite\",\"@id\":\"https:\/\/vsneustift.at\/#website\",\"url\":\"https:\/\/vsneustift.at\/\",\"name\":\"Volksschule Neustift im M\u00fchlkreis\",\"description\":\"Schulstra\u00dfe 2, 4143 Neustift im M\u00fchlkreis. Eine aktive Schule mit musikalischen, kreativen und sportlichen Schwerpunkten sowie christlichen Werten und gelebter Schulpartnerschaft!\",\"publisher\":{\"@id\":\"https:\/\/vsneustift.at\/#organization\"},\"potentialAction\":[{\"@type\":\"SearchAction\",\"target\":{\"@type\":\"EntryPoint\",\"urlTemplate\":\"https:\/\/vsneustift.at\/?s={search_term_string}\"},\"query-input\":\"required name=search_term_string\"}],\"inLanguage\":\"de\"},{\"@type\":\"Organization\",\"@id\":\"https:\/\/vsneustift.at\/#organization\",\"name\":\"Volksschule Neustift i. M.\",\"url\":\"https:\/\/vsneustift.at\/\",\"logo\":{\"@type\":\"ImageObject\",\"inLanguage\":\"de\",\"@id\":\"https:\/\/vsneustift.at\/#\/schema\/logo\/image\/\",\"url\":\"https:\/\/vsneustift.at\/wp-content\/uploads\/2020\/10\/vs-logo-gut.jpg\",\"contentUrl\":\"https:\/\/vsneustift.at\/wp-content\/uploads\/2020\/10\/vs-logo-gut.jpg\",\"width\":861,\"height\":331,\"caption\":\"Volksschule Neustift i. M.\"},\"image\":{\"@id\":\"https:\/\/vsneustift.at\/#\/schema\/logo\/image\/\"}},{\"@type\":\"Person\",\"@id\":\"https:\/\/vsneustift.at\/#\/schema\/person\/ff2e613aad5cd51b636ed7001440f4c0\",\"name\":\"admin\",\"image\":{\"@type\":\"ImageObject\",\"inLanguage\":\"de\",\"@id\":\"https:\/\/vsneustift.at\/#\/schema\/person\/image\/\",\"url\":\"https:\/\/secure.gravatar.com\/avatar\/59d8af72afe6c97c6e2acfe9ffef6b89fc5fec6a420627f965f0eff41a78333b?s=96&d=mm&r=g\",\"contentUrl\":\"https:\/\/secure.gravatar.com\/avatar\/59d8af72afe6c97c6e2acfe9ffef6b89fc5fec6a420627f965f0eff41a78333b?s=96&d=mm&r=g\",\"caption\":\"admin\"},\"sameAs\":[\"https:\/\/vsneustift.at\"]}]}<\/script>\n<!-- \/ Yoast SEO plugin. -->","yoast_head_json":{"title":"Hier kannst du unseren Faschingsfilm anschauen! - Volksschule Neustift im M\u00fchlkreis","description":"Volksschule Neustift im M\u00fchlkreis.","robots":{"index":"index","follow":"follow","max-snippet":"max-snippet:-1","max-image-preview":"max-image-preview:large","max-video-preview":"max-video-preview:-1"},"canonical":"https:\/\/vsneustift.at\/?p=1094","og_locale":"de_DE","og_type":"article","og_title":"Hier kannst du unseren Faschingsfilm anschauen! - Volksschule Neustift im M\u00fchlkreis","og_description":"Volksschule Neustift im M\u00fchlkreis.","og_url":"https:\/\/vsneustift.at\/?p=1094","og_site_name":"Volksschule Neustift im M\u00fchlkreis","article_published_time":"2022-03-10T15:53:41+00:00","article_modified_time":"2022-03-13T17:59:48+00:00","og_image":[{"width":1920,"height":2560,"url":"https:\/\/vsneustift.at\/wp-content\/uploads\/2022\/03\/IMG_20220301_102656-Kopie-scaled.jpg","type":"image\/jpeg"}],"author":"admin","twitter_card":"summary_large_image","twitter_misc":{"Verfasst von":"admin"},"schema":{"@context":"https:\/\/schema.org","@graph":[{"@type":"Article","@id":"https:\/\/vsneustift.at\/?p=1094#article","isPartOf":{"@id":"https:\/\/vsneustift.at\/?p=1094"},"author":{"name":"admin","@id":"https:\/\/vsneustift.at\/#\/schema\/person\/ff2e613aad5cd51b636ed7001440f4c0"},"headline":"Hier kannst du unseren Faschingsfilm anschauen!","datePublished":"2022-03-10T15:53:41+00:00","dateModified":"2022-03-13T17:59:48+00:00","mainEntityOfPage":{"@id":"https:\/\/vsneustift.at\/?p=1094"},"wordCount":6,"commentCount":0,"publisher":{"@id":"https:\/\/vsneustift.at\/#organization"},"articleSection":["Schuljahr 2021\/2022","Schulleben"],"inLanguage":"de","potentialAction":[{"@type":"CommentAction","name":"Comment","target":["https:\/\/vsneustift.at\/?p=1094#respond"]}]},{"@type":"WebPage","@id":"https:\/\/vsneustift.at\/?p=1094","url":"https:\/\/vsneustift.at\/?p=1094","name":"Hier kannst du unseren Faschingsfilm anschauen! - Volksschule Neustift im M\u00fchlkreis","isPartOf":{"@id":"https:\/\/vsneustift.at\/#website"},"datePublished":"2022-03-10T15:53:41+00:00","dateModified":"2022-03-13T17:59:48+00:00","description":"Volksschule Neustift im M\u00fchlkreis.","breadcrumb":{"@id":"https:\/\/vsneustift.at\/?p=1094#breadcrumb"},"inLanguage":"de","potentialAction":[{"@type":"ReadAction","target":["https:\/\/vsneustift.at\/?p=1094"]}]},{"@type":"BreadcrumbList","@id":"https:\/\/vsneustift.at\/?p=1094#breadcrumb","itemListElement":[{"@type":"ListItem","position":1,"name":"Startseite","item":"https:\/\/vsneustift.at\/"},{"@type":"ListItem","position":2,"name":"Hier kannst du unseren Faschingsfilm anschauen!"}]},{"@type":"WebSite","@id":"https:\/\/vsneustift.at\/#website","url":"https:\/\/vsneustift.at\/","name":"Volksschule Neustift im M\u00fchlkreis","description":"Schulstra\u00dfe 2, 4143 Neustift im M\u00fchlkreis. Eine aktive Schule mit musikalischen, kreativen und sportlichen Schwerpunkten sowie christlichen Werten und gelebter Schulpartnerschaft!","publisher":{"@id":"https:\/\/vsneustift.at\/#organization"},"potentialAction":[{"@type":"SearchAction","target":{"@type":"EntryPoint","urlTemplate":"https:\/\/vsneustift.at\/?s={search_term_string}"},"query-input":"required name=search_term_string"}],"inLanguage":"de"},{"@type":"Organization","@id":"https:\/\/vsneustift.at\/#organization","name":"Volksschule Neustift i. M.","url":"https:\/\/vsneustift.at\/","logo":{"@type":"ImageObject","inLanguage":"de","@id":"https:\/\/vsneustift.at\/#\/schema\/logo\/image\/","url":"https:\/\/vsneustift.at\/wp-content\/uploads\/2020\/10\/vs-logo-gut.jpg","contentUrl":"https:\/\/vsneustift.at\/wp-content\/uploads\/2020\/10\/vs-logo-gut.jpg","width":861,"height":331,"caption":"Volksschule Neustift i. M."},"image":{"@id":"https:\/\/vsneustift.at\/#\/schema\/logo\/image\/"}},{"@type":"Person","@id":"https:\/\/vsneustift.at\/#\/schema\/person\/ff2e613aad5cd51b636ed7001440f4c0","name":"admin","image":{"@type":"ImageObject","inLanguage":"de","@id":"https:\/\/vsneustift.at\/#\/schema\/person\/image\/","url":"https:\/\/secure.gravatar.com\/avatar\/59d8af72afe6c97c6e2acfe9ffef6b89fc5fec6a420627f965f0eff41a78333b?s=96&d=mm&r=g","contentUrl":"https:\/\/secure.gravatar.com\/avatar\/59d8af72afe6c97c6e2acfe9ffef6b89fc5fec6a420627f965f0eff41a78333b?s=96&d=mm&r=g","caption":"admin"},"sameAs":["https:\/\/vsneustift.at"]}]}},"_links":{"self":[{"href":"https:\/\/vsneustift.at\/index.php?rest_route=\/wp\/v2\/posts\/1094","targetHints":{"allow":["GET"]}}],"collection":[{"href":"https:\/\/vsneustift.at\/index.php?rest_route=\/wp\/v2\/posts"}],"about":[{"href":"https:\/\/vsneustift.at\/index.php?rest_route=\/wp\/v2\/types\/post"}],"author":[{"embeddable":true,"href":"https:\/\/vsneustift.at\/index.php?rest_route=\/wp\/v2\/users\/1"}],"replies":[{"embeddable":true,"href":"https:\/\/vsneustift.at\/index.php?rest_route=%2Fwp%2Fv2%2Fcomments&post=1094"}],"version-history":[{"count":4,"href":"https:\/\/vsneustift.at\/index.php?rest_route=\/wp\/v2\/posts\/1094\/revisions"}],"predecessor-version":[{"id":1127,"href":"https:\/\/vsneustift.at\/index.php?rest_route=\/wp\/v2\/posts\/1094\/revisions\/1127"}],"wp:featuredmedia":[{"embeddable":true,"href":"https:\/\/vsneustift.at\/index.php?rest_route=\/wp\/v2\/media\/1080"}],"wp:attachment":[{"href":"https:\/\/vsneustift.at\/index.php?rest_route=%2Fwp%2Fv2%2Fmedia&parent=1094"}],"wp:term":[{"taxonomy":"category","embeddable":true,"href":"https:\/\/vsneustift.at\/index.php?rest_route=%2Fwp%2Fv2%2Fcategories&post=1094"},{"taxonomy":"post_tag","embeddable":true,"href":"https:\/\/vsneustift.at\/index.php?rest_route=%2Fwp%2Fv2%2Ftags&post=1094"}],"curies":[{"name":"wp","href":"https:\/\/api.w.org\/{rel}","templated":true}]}}